{"id":1402,"date":"2024-09-27T08:55:21","date_gmt":"2024-09-27T08:55:21","guid":{"rendered":"https:\/\/www.cooperativasocialeatena.it\/?p=1402"},"modified":"2024-09-27T08:56:57","modified_gmt":"2024-09-27T08:56:57","slug":"avviso-pubblico-per-la-costituzione-di-una-shortlist-di-esperti-per-il-conferimento-di-incarichi-di-docenti-e-tutor-nellambito-del-progetto-l-a-b-e-o-liberta-attraverso-basi-educa","status":"publish","type":"post","link":"https:\/\/www.cooperativasocialeatena.it\/index.php\/2024\/09\/27\/avviso-pubblico-per-la-costituzione-di-una-shortlist-di-esperti-per-il-conferimento-di-incarichi-di-docenti-e-tutor-nellambito-del-progetto-l-a-b-e-o-liberta-attraverso-basi-educa\/","title":{"rendered":"AVVISO PUBBLICO PER LA COSTITUZIONE DI UNA SHORTLIST DI ESPERTI PER IL CONFERIMENTO DI INCARICHI DI DOCENTI E TUTOR NELL\u2019AMBITO DEL PROGETTO \u201cL.A.B.E.O. &#8211; Libert\u00e0 Attraverso Basi Educative Omogenee\u201d"},"content":{"rendered":"\t\t<div data-elementor-type=\"wp-post\" data-elementor-id=\"1402\" class=\"elementor elementor-1402\" data-elementor-settings=\"{&quot;ha_cmc_init_switcher&quot;:&quot;no&quot;}\">\n\t\t\t\t<div class=\"elementor-element elementor-element-266a9b8 e-flex e-con-boxed wpr-particle-no wpr-jarallax-no wpr-parallax-no wpr-sticky-section-no wpr-column-slider-no wpr-equal-height-no elementor-invisible e-con e-parent\" data-id=\"266a9b8\" data-element_type=\"container\" data-e-type=\"container\" data-settings=\"{&quot;animation&quot;:&quot;fadeIn&quot;,&quot;_ha_eqh_enable&quot;:false}\">\n\t\t\t\t\t<div class=\"e-con-inner\">\n\t\t<div class=\"elementor-element elementor-element-fd05ff0 e-con-full e-flex wpr-particle-no wpr-jarallax-no wpr-parallax-no wpr-sticky-section-no wpr-column-slider-no wpr-equal-height-no e-con e-child\" data-id=\"fd05ff0\" data-element_type=\"container\" data-e-type=\"container\" data-settings=\"{&quot;_ha_eqh_enable&quot;:false}\">\n\t\t\t\t<\/div>\n\t\t<div class=\"elementor-element elementor-element-ba4a84c e-con-full e-flex wpr-particle-no wpr-jarallax-no wpr-parallax-no wpr-sticky-section-no wpr-column-slider-no wpr-equal-height-no e-con e-child\" data-id=\"ba4a84c\" data-element_type=\"container\" data-e-type=\"container\" data-settings=\"{&quot;_ha_eqh_enable&quot;:false}\">\n\t\t\t\t<div class=\"elementor-element elementor-element-bbb831f elementor-widget elementor-widget-image\" data-id=\"bbb831f\" data-element_type=\"widget\" data-e-type=\"widget\" data-widget_type=\"image.default\">\n\t\t\t\t<div class=\"elementor-widget-container\">\n\t\t\t\t\t\t\t\t\t\t\t\t\t\t\t<img fetchpriority=\"high\" decoding=\"async\" width=\"301\" height=\"167\" src=\"https:\/\/www.cooperativasocialeatena.it\/wp-content\/uploads\/2023\/10\/bando.jpg\" class=\"attachment-medium_large size-medium_large wp-image-1214\" alt=\"\" \/>\t\t\t\t\t\t\t\t\t\t\t\t\t\t\t<\/div>\n\t\t\t\t<\/div>\n\t\t\t\t<\/div>\n\t\t<div class=\"elementor-element elementor-element-55fb2ca e-con-full e-flex wpr-particle-no wpr-jarallax-no wpr-parallax-no wpr-sticky-section-no wpr-column-slider-no wpr-equal-height-no e-con e-child\" data-id=\"55fb2ca\" data-element_type=\"container\" data-e-type=\"container\" data-settings=\"{&quot;_ha_eqh_enable&quot;:false}\">\n\t\t\t\t<\/div>\n\t\t\t\t\t<\/div>\n\t\t\t\t<\/div>\n\t\t<div class=\"elementor-element elementor-element-5d71f2a e-flex e-con-boxed wpr-particle-no wpr-jarallax-no wpr-parallax-no wpr-sticky-section-no wpr-column-slider-no wpr-equal-height-no e-con e-parent\" data-id=\"5d71f2a\" data-element_type=\"container\" data-e-type=\"container\" data-settings=\"{&quot;_ha_eqh_enable&quot;:false}\">\n\t\t\t\t\t<div class=\"e-con-inner\">\n\t\t\t\t<div class=\"elementor-element elementor-element-bf0882b elementor-widget elementor-widget-text-editor\" data-id=\"bf0882b\" data-element_type=\"widget\" data-e-type=\"widget\" data-widget_type=\"text-editor.default\">\n\t\t\t\t<div class=\"elementor-widget-container\">\n\t\t\t\t\t\t\t\t\t<p style=\"text-align: center;\"><strong>AVVISO PUBBLICO<\/strong><\/p><p style=\"text-align: center;\"><strong>PER\u00a0\u00a0\u00a0\u00a0 LA\u00a0\u00a0\u00a0 COSTITUZIONE\u00a0\u00a0\u00a0\u00a0 DI\u00a0\u00a0\u00a0 UNA\u00a0\u00a0\u00a0 SHORTLIST\u00a0\u00a0\u00a0\u00a0 DI\u00a0\u00a0\u00a0 ESPERTI\u00a0\u00a0\u00a0\u00a0 PER\u00a0\u00a0\u00a0\u00a0 IL CONFERIMENTO DI INCARICHI DI DOCENTI E TUTOR NELL\u2019AMBITO DEL<\/strong><\/p><p style=\"text-align: center;\"><strong>PROGETTO \u201cL.A.B.E.O. &#8211; Libert\u00e0 Attraverso Basi Educative Omogenee\u201d<\/strong><\/p><p><strong>CODICE PROGETTO: 2023-PE3-00158<\/strong><\/p><p><strong>CUP\u00a0 J24C23000460004<\/strong><\/p><p><strong>PREMESSO CHE<\/strong><\/p><ul><li>L\u2019attuazione del PNRR prevede, per la Missione 5 \u2013 Inclusione e coesione \u2013 Componente 3 \u2013 Interventi speciali per la coesione territoriale \u2013 Investimento 3 \u2013 Interventi socio-educativi strutturati per combattere la povert\u00e0 educativa nel Mezzogiorno a sostegno del Terzo Settore finanziato dall\u2019Unione europea \u2013 Next Generation EU e la realizzazione degli investimenti ad essa connessi, l\u2019individuazione del Ministro per il Sud e la coesione territoriale, avvenuta con decreto del Ministro dell\u2019economia e delle finanze 6 agosto 2021, quale soggetto responsabile dell\u2019attuazione del citato Investimento 3<\/li><li>il Ministro per il Sud e la coesione territoriale, con nota pr 2332 P del 29 dicembre 2021, acquisita in pari data al protocollo della soppressa Agenzia con il numero 20138, ha individuato la soppressa Agenzia per la coesione territoriale quale soggetto attuatore del citato investimento volto a combattere la povert\u00e0 educativa nel Mezzogiorno per un importo di 220 milioni di euro;<\/li><li>l\u2019Avviso pubblico per la presentazione di proposte d\u2019intervento per la selezione di progetti socio-educativi strutturati per \u00a0combattere \u00a0la \u00a0povert\u00e0 \u00a0educativa \u00a0nel \u00a0Mezzogiorno, da finanziare nell\u2019ambito del PNRR, Missione 5 \u2013 Inclusione e coesione \u2013 Componente 3 \u2013 Interventi speciali per la coesione territoriale \u2013 Investimento 3 \u2013 Interventi socio-educativi strutturati per combattere la povert\u00e0 educativa nel Mezzogiorno a sostegno del Terzo Settore, finanziato dall\u2019Unione europea \u2013 Next Generation EU, annualit\u00e0 2023, \u00e8 stato approvato dal Direttore generale della soppressa Agenzia per la coesione territoriale con proprio decreto 13 dicembre 2022, n. 462, che assegna un importo pari a 5000.000\u20ac;<\/li><li>la Cooperativa Sociale Terzo Millennio Spa in qualit\u00e0 di capofila ha presentato il progetto \u201cL.A.B.E.O. &#8211; Libert\u00e0 Attraverso Basi Educative Omogenee\u201d a valere sull\u2019Avviso Pubblico dei cui al precedente punto;<\/li><\/ul><p>&#8211;\u00a0\u00a0\u00a0\u00a0\u00a0\u00a0\u00a0\u00a0\u00a0\u00a0\u00a0\u00a0\u00a0\u00a0 Con Decreti n. 29 del 07\/12\/2023, n. 39 del 18\/12\/2023 e n. 20 del 18\/03\/2024 veniva sancita la graduatoria definitiva con le liste dei progetti ammessi e finanziati, ammessi non finanziati ed esclusi rispetto all\u2019Avviso Pubblico sopra indicato;<\/p><ul><li>la graduatoria \u00a0di cui\u00a0 al Decreto\u00a0 20 del\u00a0 18 \u00a0marzo 2024 \u00a0della \u00a0Presidenza \u00a0del<\/li><\/ul><p>Consiglio dei Ministri- Dipartimento per le Politiche di Coesione e per il Sud, in cui al n.<\/p><p>154 \u00e8 presente il progetto \u201cL.A.B.E.O. &#8211; Libert\u00e0 Attraverso Basi Educative Omogenee\u201d Codice 2023-PE3-00158, presentato da un partenariato in cui il capofila \u00e8 la Cooperativa Sociale Terzo Millennio Spa, ammissibile a finanziamento per euro 249.816,56 ;<\/p><p><strong>CONSIDERATO CHE<\/strong><\/p><ul><li>con Decreto del 10\/09\/2024 il Dipartimento per le politiche di coesione e per il sud veniva sancito che \u201cIl progetto 2023-PE3-00158, CUP J24C23000460004, ( A.B.E.O. &#8211; Libert\u00e0 Attraverso Basi Educative Omogenee) classificato in posizione utile al finanziamento dell\u2019elenco dei progetti ammissibili a finanziamento, allegato 1 del DCD n. 20\/24, \u00e8 ammesso a finanziamento nell\u2019ambito dell\u2019Avviso approvato con Decreto del Direttore generale 13 dicembre 2022, n. 462, per un importo pari a \u20ac 249.816,56 a valere sulle risorse della Missione 5 &#8211; Componente 3 &#8211; Investimento 3 Interventi socio-educativi strutturati per combattere la povert\u00e0 educativa nel Mezzogiorno a sostegno del Terzo Settore del PNRR\u201d;<\/li><li>con lo stesso Decreto del 10\/09\/2024 veniva approvato l\u2019Atto d\u2019obbligo con il quale il Soggetto beneficiario Cooperativa Sociale Terzo Millennio Spa dichiarava di accettare i termini, gli obblighi e le condizioni connesse alla realizzazione del citato progetto e dal quale risultava che i minori coinvolti sono pari a 143;<\/li><li>la Cooperativa Sociale Terzo Millennio Spa in qualit\u00e0 di capofila, e, di conseguenza, i<\/li><\/ul><p>partner del progetto si sono obbligati a rispettare, <u>in caso di ricorso diretto a esperti<\/u> <u>esterni all\u2019Amministrazione<\/u>, la conformit\u00e0 alla pertinente disciplina euro unitaria e nazionale, nonch\u00e9 alle eventuali specifiche circolari\/disciplinari che potranno essere adottati dal Dipartimento per le politiche di coesione e per il sud;<\/p><p><strong>VISTO<\/strong><\/p><ul><li>le Linee guida per l\u2019attuazione, il monitoraggio, rendicontazione e monitoraggio dell\u2019Investimento 3 \u201cInterventi socio-educativi strutturati per combattere la povert\u00e0 educativa nel Mezzogiorno a sostegno del Terzo Settore\u201d<\/li><li>l\u2019Avviso pubblico per la presentazione di proposte d\u2019intervento per la selezione di progetti<\/li><\/ul><p>socio-educativi strutturati per combattere la povert\u00e0 educativa \u00a0nel \u00a0Mezzogiorno, \u00a0da finanziare nell\u2019ambito del PNRR, Missione 5 \u2013 Inclusione e coesione \u2013 Componente 3 \u2013 Interventi speciali per la coesione territoriale \u2013 Investimento 3 \u2013 Interventi socio-educativi strutturati per combattere la povert\u00e0 educativa nel Mezzogiorno a sostegno del Terzo Settore, finanziato dall\u2019Unione europea \u2013 Next Generation EU, annualit\u00e0 2023;<\/p><p>Tutto ci\u00f2 premesso e considerato, la Cooperativa Sociale Terzo Millennio in qualit\u00e0 di Capofila del progetto \u201cL.A.B.E.O. &#8211; Libert\u00e0 Attraverso Basi Educative Omogenee\u201d 2023-PE3- 00158, CUP J24C23000460004, in nome e per conto proprio e degli altri partner privati del progetto, Cooperativa Sociale Atena a R.L. ed A.S.D. SAN GIORGIO DEL SANNIO 1973 APS ETS<\/p><p><strong>SI EMANA IL SEGUENTE AVVISO PUBBLICO<\/strong><\/p><p><strong>Art. 1 \u2013 Oggetto dell\u2019Avviso<\/strong><\/p><p>La Cooperativa Sociale TERZO MILLENNIO SPA \u00e8 Capofila del progetto \u201cL.A.B.E.O. &#8211; Libert\u00e0 Attraverso Basi Educative Omogenee \u201d 2023-PE3-00158 ed intende costituire una Short list di docenti ed esperti cui i partner privati del progetto potranno attingere per l\u2019eventuale conferimento di incarichi di esperti nella gestione di laboratori di formazione nell\u2019ambito del suddetto progetto; trattasi di attivit\u00e0 formativo-educative da rivolgere \u00a0a minori sul territorio dell\u2019Ambito Sociale di Zona B04 della Provincia di Benevento.<\/p><p>Per incarico si intende qualsivoglia prestazione, richiedente competenze qualificate, da svolgere in maniera autonoma e senza vincolo di subordinazione ai sensi degli artt. 2222 e ss. e 2229 e ss. del Codice civile.<\/p><p>L\u2019inserimento nella Short list non determina alcun diritto precostituito a vantaggio dei candidati, non obbligandosi la Cooperativa Sociale Terzo Millennio Spa e gli altri partner privati del progetto, in nessun caso nei confronti degli stessi.<\/p><p>Con il presente Avviso non \u00e8 posta in essere alcuna procedura concorsuale, para- concorsuale, di gara d\u2019appalto o trattativa privata, n\u00e9 sono \u00a0previste \u00a0graduatorie, attribuzione di punteggi o altre classificazioni di merito.<\/p><p><strong>Art. 2 \u2013 Profili ricercati<\/strong><\/p><p>Per le finalit\u00e0 descritte all\u2019art. 1 del presente Avviso, la Cooperativa Sociale Terzo Millennio spa, la Cooperativa Sociale Atena a R.L. e l\u2019A.S.D. SAN GIORGIO DEL SANNIO 1973 APS ETS ricercano i seguenti profili professionali per la realizzazione dei laboratori sopra descritti:<\/p><ul><li>Docente e\/o esperta\/o in Avviamento alle attivit\u00e0 motorie e allo sport<\/li><li>Istruttori sportivi abilitati afferenti ai vari sport e abilitati dalle varie Federazioni<\/li><li>Psicomotricista<\/li><li>Musicisti\/Docente e\/o esperta\/o in attivit\u00e0 musicali<\/li><li>Docente e\/o esperta\/o in Arte e percorsi artistici<\/li><li>Logopedista<\/li><li>Educatrice\/Educatore professionale<\/li><li>Operatore per l\u2019Infanzia (OPI)<\/li><li>Educatrice\/Educatore semplice con esperienza<\/li><li>Psicologa\/o<\/li><li>Pedagogista<\/li><li>Assistente sociale<\/li><li>Docente e\/o esperta\/o STEM<\/li><li>Docente e\/o esperta\/o materie digitali, robotica e storytelling<\/li><li>Esperto di divulgazione con conoscenza dei programmi finanziati con fondi comunitari<\/li><li>Esperto di comunicazione<\/li><li>Tutor per i laboratori artistici<\/li><li>Tutor per i laboratori digitali e\/o nelle materie STEM<\/li><li>Personale di supporto con specifica esperienza per i minori fino a 6 anni<\/li><li>Tutor per supporto minori con disabilit\u00e0<\/li><\/ul><p><strong>Art 3 \u2013 Soggetti ammessi<\/strong><\/p><p>L\u2019iscrizione alla Short list \u00e8 consentita a risorse umane specializzate nell\u2019intervento previsto e descritti all\u2019art. 2 del presente Avviso in possesso dei seguenti requisiti<\/p><p><strong><u>Requisiti di carattere generale<\/u>:<\/strong><\/p><ul><li>Cittadinanza italiana o di altro Stato membro dell\u2019Unione Europea;<\/li><li>Godimento dei diritti civili e politici;<\/li><li>Non aver riportato condanne penali e non avere procedimenti penali in corso;<\/li><\/ul><p><strong><u>Requisiti specific<\/u>i:<\/strong><\/p><ul><li>Diploma di \u00a0maturit\u00e0 \u00a0e\/o \u00a0laurea \u00a0specifica \u00a0nei \u00a0settori \u00a0laboratoriali \u00a0specifici \u00a0scelti \u00a0per l\u2019iscrizione e\/o esperienza in tali settori<\/li><li>Esperienza nella \u00a0docenza \u00a0dei \u00a0laboratori \u00a0per \u00a0i \u00a0quali \u00a0viene \u00a0effettuata \u00a0la \u00a0candidatura, \u00a0in particolare rivolta a minori<\/li><li>Eventuali titoli professionali o formativi specifici rispetto alle materie dei laboratori<\/li><li>Esperienza dimostrata nei settori di attivit\u00e0 previsti dall\u2019Art.<\/li><\/ul><p><strong>Art. 4 \u2013 Modalit\u00e0 di presentazione della domanda di iscrizione<\/strong><\/p><p>I soggetti interessati dovranno produrre \u00a0apposita \u00a0domanda \u00a0di \u00a0partecipazione \u00a0alla \u00a0Short \u00a0list, per uno o pi\u00f9 profili, redatta secondo lo schema di cui all\u2019Allegato A.<\/p><p>La candidatura potr\u00e0 essere presentata a mezzo mail all\u2019indirizzo <a href=\"mailto:cooperativaterzomillennio@gmail.com\">cooperativaterzomillennio@gmail.com <\/a>o a mezzo pec all\u2019indirizzo <a href=\"mailto:coopterzomillennio@pec.it\">coopterzomillennio@pec.it<\/a> indicando \u00a0nell\u2019oggetto \u00a0la \u00a0dicitura \u00a0\u201cCandidatura \u00a0alla \u00a0Short \u00a0list \u00a0Profilo\u2026.<u>\u00a0\u00a0\u00a0\u00a0\u00a0\u00a0\u00a0\u00a0\u00a0\u00a0 <\/u>&#8221; (indicare il profilo o i profili prescelti).<\/p><p>La \u00a0richiesta \u00a0dovr\u00e0 \u00a0essere \u00a0redatta \u00a0secondo \u00a0Allegato \u00a0A \u00a0debitamente \u00a0compilato \u00a0e \u00a0sottoscritto. Alla stessa dovranno essere allegati i seguenti documenti:<\/p><p>&#8211;\u00a0\u00a0\u00a0\u00a0\u00a0 Curriculum Vitae corredato di apposita dichiarazione che attesti la veridicit\u00e0 \u00a0delle informazioni contenute ai sensi degli artt. 46 e 47 del D.P.R. n. 445\/2000 e dell\u2019autorizzazione al trattamento dei dati personali ai sensi del GDPR (UE) 2016\/679, debitamente\u00a0 \u00a0sottoscritto;<\/p><p>&#8211; Copia fotostatica fronte\/retro di un documento di riconoscimento in corso di validit\u00e0;<\/p><p>&#8211;\u00a0\u00a0\u00a0\u00a0\u00a0\u00a0 Form di invio candidatura.<\/p><p>La Cooperativa Sociale Terzo Millennio, la Cooperativa Sociale Atena a.R.L. ed A.S.D. SAN GIORGIO DEL SANNIO 1973 APS ETS si riservano la facolt\u00e0 di effettuare, in qualunque momento, colloqui di persona con il\/la candidato\/a nonch\u00e9 controlli a campione sulla veridicit\u00e0 delle dichiarazioni rese ai sensi dell\u2019art. 71 del D.P.R. n. 445\/2000, nonch\u00e9 di richiedere \u2013 in qualsivoglia momento \u2013 ulteriore documentazione comprovante i requisiti dichiarati.<\/p><p>La \u00a0Short \u00a0list \u00a0rester\u00e0 \u00a0a \u00a0disposizione \u00a0degli \u00a0Enti \u00a0privati \u00a0per \u00a0tutta \u00a0la \u00a0durata \u00a0del \u00a0progetto, \u00a0il capofila dar\u00e0 evidenza delle risultanze delle varie candidature che perverranno.<\/p><p><strong>Art. 5 \u2013 Durata e aggiornamento della short list<\/strong><\/p><p>La Short list rester\u00e0 aperta fino al 23\/07\/2026, con aggiornamento costante delle nuove domande di pervenute.<\/p><p>I soggetti iscritti sono tenuti a comunicare alla Cooperativa Sociale Terzo Millennio Spa eventuali variazioni intervenute rispetto alle informazioni e dichiarazioni rese in fase di iscrizione, entro trenta giorni dall\u2019intervenuta modifica, inviando una mail all\u2019indirizzo <a href=\"mailto:cooperativaterzomillennio@gmail.com\">cooperativaterzomillennio@gmail.com <\/a>oppure una Pec all\u2019indirizzo <a href=\"mailto:coopterzomillennio@pec.it\">coopterzomillennio@pec.it.<\/a><\/p><p><strong>Art. 6 \u2013 Valutazione Candidati<\/strong><\/p><p>I candidati che risultino in possesso dei requisiti sulla base delle dichiarazioni \u00a0rese, saranno valutati sulla base del CV presentato, degli eventuali titoli indicati, delle esperienze professionali, della capacit\u00e0 di interagire con minori e della disponibilit\u00e0 a ricevere incarichi specifici al costo orario rispetto ai vincoli del progetto approvato e ad eventuali modifiche che i partner dovessero ritenere opportune.<\/p><p>Approfondimenti di quanto presentato verranno svolti mediante colloqui telefonici, call mediante le principali piattaforme in uso o, laddove si ritenga necessario, in presenza.<\/p><p><strong>Art 7 \u2013 Gestione della Short list<\/strong><\/p><p>La Cooperativa Sociale Terzo Millennio Spa proceder\u00e0 al controllo formale delle domande presentate secondo le modalit\u00e0 prescritte dal presente Avviso al fine di accertare il possesso dei requisiti di ammissione.<\/p><p>La Short list sar\u00e0 utilizzata per l\u2019eventuale conferimento di incarichi come descritti all\u2019art. 1 del presente Avviso nel rispetto dei principi di trasparenza, imparzialit\u00e0, economicit\u00e0 ed efficacia.<\/p><p>In particolare, a seconda dell\u2019entit\u00e0 dell\u2019incarico ed in osservanza delle indicazioni provenienti dal Dipartimento per le Politiche Comunitarie e per il SUD e contenute nelle linee guida, nei documenti di attuazione e nelle FAQ, gli incarichi saranno conferiti sulla base di procedure comparative aventi a oggetto le esperienze e le competenze giudicate maggiormente pertinenti rispetto agli incarichi da affidare, valutate sulla base del CV e\/o dell\u2019esito del colloquio conoscitivo.<\/p><p><strong>Art. 8 \u2013 Rigetto delle domande di iscrizione e cancellazione dalla Short list<\/strong><\/p><p>La Cooperativa Sociale Terzo Millennio Spa proceder\u00e0 al rigetto della domanda di iscrizione qualora il candidato non sia in possesso dei requisiti richiesti per il profilo per cui si candida. Si riserva, inoltre, la facolt\u00e0 di procedere alla cancellazione dalla Short list qualora riscontri il verificarsi di una delle ipotesi elencate di seguito:<\/p><ul><li>Mancanza o false dichiarazioni in merito alla sussistenza dei requisiti di iscrizione;<\/li><li>Grave e reiterata negligenza o malafede nell\u2019esecuzione della prestazione professionale eventualmente affidata;<\/li><li>Perdita dei requisiti necessari per l\u2019iscrizione alla Short list;<\/li><li>Mancata comunicazione di modifiche dei requisiti di iscrizione;<\/li><li>Espressa richiesta da parte del sogg<\/li><\/ul><p><strong>Art. 9 \u2013 Trattamento dei dati personali<\/strong><\/p><p>La informiamo che il titolare del trattamento \u00e8 La Cooperativa Sociale Terzo Millennio Spa con sede legale in Via San Rocco n. 23, 82030 Limatola (BN) che pu\u00f2 essere contattata ai seguenti numeri 0824\/1844294 \u2013 324\/8721299 oppure mediante mail all&#8217;indirizzo <a href=\"mailto:cooperativaterzomillennio@gmail.com\">cooperativaterzomillennio@gmail.com <\/a>o mediante Pec all\u2019indirizzo <a href=\"mailto:coopterzomillennio@pec.it\">coopterzomillennio@pec.it<\/a><\/p><p style=\"text-align: right;\">Limatola, 25 settembre 2024<\/p><p style=\"text-align: right;\">Il Presidente<\/p><p style=\"text-align: right;\">Dott.ssa Mirella Lombardi<\/p>\t\t\t\t\t\t\t\t<\/div>\n\t\t\t\t<\/div>\n\t\t\t\t\t<\/div>\n\t\t\t\t<\/div>\n\t\t<div class=\"elementor-element elementor-element-ca68a64 e-flex e-con-boxed wpr-particle-no wpr-jarallax-no wpr-parallax-no wpr-sticky-section-no wpr-column-slider-no wpr-equal-height-no e-con e-parent\" data-id=\"ca68a64\" data-element_type=\"container\" data-e-type=\"container\" data-settings=\"{&quot;_ha_eqh_enable&quot;:false}\">\n\t\t\t\t\t<div class=\"e-con-inner\">\n\t\t\t\t<div class=\"elementor-element elementor-element-f57cf6d elementor-widget elementor-widget-ha-pdf-view happy-addon ha-pdf-view\" data-id=\"f57cf6d\" data-element_type=\"widget\" data-e-type=\"widget\" data-widget_type=\"ha-pdf-view.default\">\n\t\t\t\t<div class=\"elementor-widget-container\">\n\t\t\t\t\t        <div class=\"pdf_viewer_container\">\n            <div class=\"pdf_viewer_options viewer-f57cf6d\" data-pdf-settings=\"{&quot;unique_id&quot;:&quot;viewer-f57cf6d&quot;,&quot;pdf_url&quot;:&quot;https:\\\/\\\/www.cooperativasocialeatena.it\\\/wp-content\\\/uploads\\\/2024\\\/09\\\/LABEO.pdf&quot;,&quot;file_type&quot;:&quot;upload_file&quot;,&quot;page_number&quot;:&quot;1&quot;,&quot;width&quot;:&quot;100%&quot;,&quot;height&quot;:&quot;600px&quot;}\">\n\t\t\t\t<span class=\"ha-title-flex\">\n\t\t\t\t\t<span class=\"pdf-icon\">\n\t\t\t\t\t\t<i aria-hidden=\"true\" class=\"fas fa-file-pdf\"><\/i>\t\t\t\t\t<\/span>\n\t\t\t\t\t<h2 class=\"ha-pdf-title\">AVVISO PUBBLICO   PER\tLA\tCOSTITUZIONE\tDI\tUNA\tSHORTLIST\tDI\tESPERTI\tPER\tIL CONFERIMENTO DI INCARICHI DI DOCENTI E TUTOR NELL\u2019AMBITO DEL PROGETTO \u201cL.A.B.E.O. - Libert\u00e0 Attraverso Basi Educative Omogenee\u201d<\/h2>\t\t\t\t<\/span>\n\t\t\t\t                <div class=\"pdf-button\">\n                <a href=\"https:\/\/www.cooperativasocialeatena.it\/wp-content\/uploads\/2024\/09\/LABEO.pdf\" class=\"ha-btn\" download title=\"AVVISO PUBBLICO   PER\tLA\tCOSTITUZIONE\tDI\tUNA\tSHORTLIST\tDI\tESPERTI\tPER\tIL CONFERIMENTO DI INCARICHI DI DOCENTI E TUTOR NELL\u2019AMBITO DEL PROGETTO \u201cL.A.B.E.O. - Libert\u00e0 Attraverso Basi Educative Omogenee\u201d\">Download<\/a>                <\/div>\n            <\/div>\n\n\t\t\t<div>\n\t\t\t\t<div id=\"viewer-f57cf6d\"><\/div>\n\t\t\t<\/div>\n\n        <\/div>\n        \t\t\t\t<\/div>\n\t\t\t\t<\/div>\n\t\t\t\t\t<\/div>\n\t\t\t\t<\/div>\n\t\t\t\t<\/div>\n\t\t","protected":false},"excerpt":{"rendered":"<p>AVVISO PUBBLICO PER\u00a0\u00a0\u00a0\u00a0 LA\u00a0\u00a0\u00a0 COSTITUZIONE\u00a0\u00a0\u00a0\u00a0 DI\u00a0\u00a0\u00a0 UNA\u00a0\u00a0\u00a0 SHORTLIST\u00a0\u00a0\u00a0\u00a0 DI\u00a0\u00a0\u00a0 ESPERTI\u00a0\u00a0\u00a0\u00a0 PER\u00a0\u00a0\u00a0\u00a0 IL CONFERIMENTO DI INCARICHI DI DOCENTI E TUTOR NELL\u2019AMBITO DEL PROGETTO \u201cL.A.B.E.O. &#8211; Libert\u00e0 Attraverso Basi Educative Omogenee\u201d CODICE PROGETTO: 2023-PE3-00158 CUP\u00a0 J24C23000460004 PREMESSO CHE L\u2019attuazione del PNRR prevede, per la Missione 5 \u2013 Inclusione e coesione \u2013 Componente 3 \u2013 Interventi speciali per la coesione territoriale \u2013 Investimento 3 \u2013 Interventi socio-educativi strutturati per combattere la povert\u00e0 educativa nel Mezzogiorno a sostegno del Terzo Settore finanziato dall\u2019Unione europea \u2013 Next Generation EU e la realizzazione degli investimenti ad essa connessi, l\u2019individuazione del Ministro per il Sud e la coesione territoriale, avvenuta con decreto del Ministro dell\u2019economia e delle finanze 6 agosto 2021, quale soggetto responsabile dell\u2019attuazione del citato Investimento 3 il Ministro per il Sud e la coesione territoriale, con nota pr 2332 P del 29 dicembre 2021, acquisita in pari data al protocollo della soppressa Agenzia con il numero 20138, ha individuato la soppressa Agenzia per la coesione territoriale quale soggetto attuatore del citato investimento volto a combattere la povert\u00e0 educativa nel Mezzogiorno per un importo di 220 milioni di euro; l\u2019Avviso pubblico per la presentazione di proposte d\u2019intervento per la selezione di progetti socio-educativi strutturati per \u00a0combattere \u00a0la \u00a0povert\u00e0 \u00a0educativa \u00a0nel \u00a0Mezzogiorno, da finanziare nell\u2019ambito del PNRR, Missione 5 \u2013 Inclusione e coesione \u2013 Componente 3 \u2013 Interventi speciali per la coesione territoriale \u2013 Investimento 3 \u2013 Interventi socio-educativi strutturati per combattere la povert\u00e0 educativa nel Mezzogiorno a sostegno del Terzo Settore, finanziato dall\u2019Unione europea \u2013 Next Generation EU, annualit\u00e0 2023, \u00e8 stato approvato dal Direttore generale della soppressa Agenzia per la coesione territoriale con proprio decreto 13 dicembre 2022, n. 462, che assegna un importo pari a 5000.000\u20ac; la Cooperativa Sociale Terzo Millennio Spa in qualit\u00e0 di capofila ha presentato il progetto \u201cL.A.B.E.O. &#8211; Libert\u00e0 Attraverso Basi Educative Omogenee\u201d a valere sull\u2019Avviso Pubblico dei cui al precedente punto; &#8211;\u00a0\u00a0\u00a0\u00a0\u00a0\u00a0\u00a0\u00a0\u00a0\u00a0\u00a0\u00a0\u00a0\u00a0 Con Decreti n. 29 del 07\/12\/2023, n. 39 del 18\/12\/2023 e n. 20 del 18\/03\/2024 veniva sancita la graduatoria definitiva con le liste dei progetti ammessi e finanziati, ammessi non finanziati ed esclusi rispetto all\u2019Avviso Pubblico sopra indicato; la graduatoria \u00a0di cui\u00a0 al Decreto\u00a0 20 del\u00a0 18 \u00a0marzo 2024 \u00a0della \u00a0Presidenza \u00a0del Consiglio dei Ministri- Dipartimento per le Politiche di Coesione e per il Sud, in cui al n. 154 \u00e8 presente il progetto \u201cL.A.B.E.O. &#8211; Libert\u00e0 Attraverso Basi Educative Omogenee\u201d Codice 2023-PE3-00158, presentato da un partenariato in cui il capofila \u00e8 la Cooperativa Sociale Terzo Millennio Spa, ammissibile a finanziamento per euro 249.816,56 ; CONSIDERATO CHE con Decreto del 10\/09\/2024 il Dipartimento per le politiche di coesione e per il sud veniva sancito che \u201cIl progetto 2023-PE3-00158, CUP J24C23000460004, ( A.B.E.O. &#8211; Libert\u00e0 Attraverso Basi Educative Omogenee) classificato in posizione utile al finanziamento dell\u2019elenco dei progetti ammissibili a finanziamento, allegato 1 del DCD n. 20\/24, \u00e8 ammesso a finanziamento nell\u2019ambito dell\u2019Avviso approvato con Decreto del Direttore generale 13 dicembre 2022, n. 462, per un importo pari a \u20ac 249.816,56 a valere sulle risorse della Missione 5 &#8211; Componente 3 &#8211; Investimento 3 Interventi socio-educativi strutturati per combattere la povert\u00e0 educativa nel Mezzogiorno a sostegno del Terzo Settore del PNRR\u201d; con lo stesso Decreto del 10\/09\/2024 veniva approvato l\u2019Atto d\u2019obbligo con il quale il Soggetto beneficiario Cooperativa Sociale Terzo Millennio Spa dichiarava di accettare i termini, gli obblighi e le condizioni connesse alla realizzazione del citato progetto e dal quale risultava che i minori coinvolti sono pari a 143; la Cooperativa Sociale Terzo Millennio Spa in qualit\u00e0 di capofila, e, di conseguenza, i partner del progetto si sono obbligati a rispettare, in caso di ricorso diretto a esperti esterni all\u2019Amministrazione, la conformit\u00e0 alla pertinente disciplina euro unitaria e nazionale, nonch\u00e9 alle eventuali specifiche circolari\/disciplinari che potranno essere adottati dal Dipartimento per le politiche di coesione e per il sud; VISTO le Linee guida per l\u2019attuazione, il monitoraggio, rendicontazione e monitoraggio dell\u2019Investimento 3 \u201cInterventi socio-educativi strutturati per combattere la povert\u00e0 educativa nel Mezzogiorno a sostegno del Terzo Settore\u201d l\u2019Avviso pubblico per la presentazione di proposte d\u2019intervento per la selezione di progetti socio-educativi strutturati per combattere la povert\u00e0 educativa \u00a0nel \u00a0Mezzogiorno, \u00a0da finanziare nell\u2019ambito del PNRR, Missione 5 \u2013 Inclusione e coesione \u2013 Componente 3 \u2013 Interventi speciali per la coesione territoriale \u2013 Investimento 3 \u2013 Interventi socio-educativi strutturati per combattere la povert\u00e0 educativa nel Mezzogiorno a sostegno del Terzo Settore, finanziato dall\u2019Unione europea \u2013 Next Generation EU, annualit\u00e0 2023; Tutto ci\u00f2 premesso e considerato, la Cooperativa Sociale Terzo Millennio in qualit\u00e0 di Capofila del progetto \u201cL.A.B.E.O. &#8211; Libert\u00e0 Attraverso Basi Educative Omogenee\u201d 2023-PE3- 00158, CUP J24C23000460004, in nome e per conto proprio e degli altri partner privati del progetto, Cooperativa Sociale Atena a R.L. ed A.S.D. SAN GIORGIO DEL SANNIO 1973 APS ETS SI EMANA IL SEGUENTE AVVISO PUBBLICO Art. 1 \u2013 Oggetto dell\u2019Avviso La Cooperativa Sociale TERZO MILLENNIO SPA \u00e8 Capofila del progetto \u201cL.A.B.E.O. &#8211; Libert\u00e0 Attraverso Basi Educative Omogenee \u201d 2023-PE3-00158 ed intende costituire una Short list di docenti ed esperti cui i partner privati del progetto potranno attingere per l\u2019eventuale conferimento di incarichi di esperti nella gestione di laboratori di formazione nell\u2019ambito del suddetto progetto; trattasi di attivit\u00e0 formativo-educative da rivolgere \u00a0a minori sul territorio dell\u2019Ambito Sociale di Zona B04 della Provincia di Benevento. Per incarico si intende qualsivoglia prestazione, richiedente competenze qualificate, da svolgere in maniera autonoma e senza vincolo di subordinazione ai sensi degli artt. 2222 e ss. e 2229 e ss. del Codice civile. L\u2019inserimento nella Short list non determina alcun diritto precostituito a vantaggio dei candidati, non obbligandosi la Cooperativa Sociale Terzo Millennio Spa e gli altri partner privati del progetto, in nessun caso nei confronti degli stessi. Con il presente Avviso non \u00e8 posta in essere alcuna procedura concorsuale, para- concorsuale, di gara d\u2019appalto o trattativa privata, n\u00e9 sono \u00a0previste \u00a0graduatorie, attribuzione di punteggi o altre classificazioni di merito. Art. 2 \u2013 Profili ricercati Per le finalit\u00e0 descritte all\u2019art. 1 del presente Avviso, la Cooperativa Sociale Terzo Millennio spa, la Cooperativa Sociale Atena a R.L. e l\u2019A.S.D. SAN<br \/><a class=\"moretag\" href=\"https:\/\/www.cooperativasocialeatena.it\/index.php\/2024\/09\/27\/avviso-pubblico-per-la-costituzione-di-una-shortlist-di-esperti-per-il-conferimento-di-incarichi-di-docenti-e-tutor-nellambito-del-progetto-l-a-b-e-o-liberta-attraverso-basi-educa\/\">+ Read More<\/a><\/p>\n","protected":false},"author":2,"featured_media":1214,"comment_status":"closed","ping_status":"open","sticky":false,"template":"","format":"standard","meta":{"_jetpack_memberships_contains_paid_content":false,"footnotes":"","jetpack_publicize_message":"","jetpack_publicize_feature_enabled":true,"jetpack_social_post_already_shared":true,"jetpack_social_options":{"image_generator_settings":{"template":"highway","default_image_id":0,"font":"","enabled":false},"version":2}},"categories":[12,13],"tags":[14,15],"class_list":["post-1402","post","type-post","status-publish","format-standard","has-post-thumbnail","hentry","category-bandi","category-news","tag-avvisi","tag-bandi"],"jetpack_publicize_connections":[],"jetpack_featured_media_url":"https:\/\/www.cooperativasocialeatena.it\/wp-content\/uploads\/2023\/10\/bando.jpg","jetpack-related-posts":[],"jetpack_sharing_enabled":true,"_links":{"self":[{"href":"https:\/\/www.cooperativasocialeatena.it\/index.php\/wp-json\/wp\/v2\/posts\/1402","targetHints":{"allow":["GET"]}}],"collection":[{"href":"https:\/\/www.cooperativasocialeatena.it\/index.php\/wp-json\/wp\/v2\/posts"}],"about":[{"href":"https:\/\/www.cooperativasocialeatena.it\/index.php\/wp-json\/wp\/v2\/types\/post"}],"author":[{"embeddable":true,"href":"https:\/\/www.cooperativasocialeatena.it\/index.php\/wp-json\/wp\/v2\/users\/2"}],"replies":[{"embeddable":true,"href":"https:\/\/www.cooperativasocialeatena.it\/index.php\/wp-json\/wp\/v2\/comments?post=1402"}],"version-history":[{"count":5,"href":"https:\/\/www.cooperativasocialeatena.it\/index.php\/wp-json\/wp\/v2\/posts\/1402\/revisions"}],"predecessor-version":[{"id":1408,"href":"https:\/\/www.cooperativasocialeatena.it\/index.php\/wp-json\/wp\/v2\/posts\/1402\/revisions\/1408"}],"wp:featuredmedia":[{"embeddable":true,"href":"https:\/\/www.cooperativasocialeatena.it\/index.php\/wp-json\/wp\/v2\/media\/1214"}],"wp:attachment":[{"href":"https:\/\/www.cooperativasocialeatena.it\/index.php\/wp-json\/wp\/v2\/media?parent=1402"}],"wp:term":[{"taxonomy":"category","embeddable":true,"href":"https:\/\/www.cooperativasocialeatena.it\/index.php\/wp-json\/wp\/v2\/categories?post=1402"},{"taxonomy":"post_tag","embeddable":true,"href":"https:\/\/www.cooperativasocialeatena.it\/index.php\/wp-json\/wp\/v2\/tags?post=1402"}],"curies":[{"name":"wp","href":"https:\/\/api.w.org\/{rel}","templated":true}]}}